{"id":327,"date":"2026-08-29T06:51:46","date_gmt":"2026-08-29T06:51:46","guid":{"rendered":"https:\/\/norm.place\/blog\/jak-dobrac-zabieg-kosmetologiczny-do-cery\/"},"modified":"2026-08-29T06:51:46","modified_gmt":"2026-08-29T06:51:46","slug":"jak-dobrac-zabieg-kosmetologiczny-do-cery","status":"publish","type":"post","link":"https:\/\/norm.place\/blog\/pl\/jak-dobrac-zabieg-kosmetologiczny-do-cery\/","title":{"rendered":"Jak dobra\u0107 zabieg kosmetologiczny do cery?"},"content":{"rendered":"<p>Sk\u00f3ra rzadko potrzebuje tego samego przez ca\u0142y rok. Po zimie mo\u017ce by\u0107 napi\u0119ta i poszarza\u0142a, po intensywnym okresie w pracy reagowa\u0107 niedoskona\u0142o\u015bciami, a przed wa\u017cnym wyj\u015bciem po prostu wymaga\u0107 dzia\u0142ania bez d\u0142ugiej rekonwalescencji. Jak dobra\u0107 zabieg kosmetologiczny do cery, \u017ceby nie kierowa\u0107 si\u0119 przypadkow\u0105 nazw\u0105 us\u0142ugi ani obietnic\u0105 szybkiego efektu? Najlepiej zacz\u0105\u0107 od aktualnego stanu sk\u00f3ry, a nie od etykiety \u201esucha\u201d, \u201et\u0142usta\u201d czy \u201ewra\u017cliwa\u201d.<\/p>\n<p>Dobry plan uwzgl\u0119dnia te\u017c codzienno\u015b\u0107: ekspozycj\u0119 na s\u0142o\u0144ce, klimatyzacj\u0119, treningi, golenie, podr\u00f3\u017ce, domow\u0105 piel\u0119gnacj\u0119 i kalendarz. Zabieg ma wsp\u00f3\u0142pracowa\u0107 z tym rytmem, nie dok\u0142ada\u0107 kolejnego problemu do rozwi\u0105zania.<\/p>\n<h2>Od czego zacz\u0105\u0107 dob\u00f3r zabiegu do cery?<\/h2>\n<p>Zacznij od celu, kt\u00f3ry da si\u0119 opisa\u0107 konkretnie: mniej zask\u00f3rnik\u00f3w, spokojniejszy rumie\u0144, g\u0142adsza faktura, wi\u0119ksze nawil\u017cenie albo wyr\u00f3wnany koloryt. \u201eChc\u0119 poprawi\u0107 cer\u0119\u201d to dobry punkt wyj\u015bcia do rozmowy, ale zbyt szeroki, by od razu wybra\u0107 w\u0142a\u015bciwy zabieg.<\/p>\n<p>Typ cery jest pomocn\u0105 wskaz\u00f3wk\u0105, lecz nie powinien przes\u0105dza\u0107 o wszystkim. Cera t\u0142usta mo\u017ce by\u0107 odwodniona i reaktywna. Cera sucha mo\u017ce mie\u0107 tendencj\u0119 do zapychania. Nawet sk\u00f3ra, kt\u00f3ra zwykle dobrze znosi aktywne sk\u0142adniki, mo\u017ce czasowo potrzebowa\u0107 wyciszenia &#8211; na przyk\u0142ad po urlopie, infekcji, zmianie piel\u0119gnacji lub serii nieudanych eksperyment\u00f3w z kwasami.<\/p>\n<p>Na konsultacji warto powiedzie\u0107 nie tylko o tym, co widzisz w lustrze. R\u00f3wnie istotne s\u0105 stosowane kosmetyki, retinoidy i kwasy w piel\u0119gnacji domowej, leki, sk\u0142onno\u015b\u0107 do przebarwie\u0144, opryszczki, alergii oraz planowane wydarzenia. To wp\u0142ywa na bezpiecze\u0144stwo i na to, czy lepszy b\u0119dzie zabieg aktywny, czy bardziej regeneruj\u0105cy.<\/p>\n<h2>Jak dobra\u0107 zabieg kosmetologiczny do cery problematycznej?<\/h2>\n<p>Przy cerze z niedoskona\u0142o\u015bciami celem nie zawsze jest mocne oczyszczanie. Je\u015bli sk\u00f3ra jest zapalna, piecze lub \u0142uszczy si\u0119 po kolejnych produktach przeciwtr\u0105dzikowych, najpierw mo\u017ce potrzebowa\u0107 odbudowy komfortu i pracy nad barier\u0105 hydrolipidow\u0105.<\/p>\n<p>Zask\u00f3rniki, nadprodukcja sebum i nier\u00f3wna tekstura cz\u0119sto dobrze reaguj\u0105 na odpowiednio dobrane oczyszczanie oraz kontrolowane z\u0142uszczanie. Kosmetolog ocenia wtedy, czy sk\u00f3ra jest gotowa na kwasy i jak\u0105 intensywno\u015b\u0107 zabiegu wybra\u0107. To ma znaczenie, bo zbyt agresywne dzia\u0142anie mo\u017ce chwilowo wysuszy\u0107 powierzchni\u0119 sk\u00f3ry, a potem nasili\u0107 jej reaktywno\u015b\u0107 lub produkcj\u0119 sebum.<\/p>\n<p>Przy zmianach zapalnych warto zachowa\u0107 cierpliwo\u015b\u0107. Jedna wizyta mo\u017ce poprawi\u0107 odczucie czysto\u015bci i wyg\u0142adzi\u0107 powierzchni\u0119, ale przewidywalne efekty zwykle buduje si\u0119 seri\u0105 oraz prost\u0105, konsekwentn\u0105 piel\u0119gnacj\u0105 domow\u0105. Je\u015bli zmiany s\u0105 bolesne, rozleg\u0142e lub pozostawiaj\u0105 blizny, kosmetologia powinna i\u015b\u0107 w parze z konsultacj\u0105 dermatologiczn\u0105.<\/p>\n<h2>Co wybra\u0107 przy cerze suchej, odwodnionej i wra\u017cliwej?<\/h2>\n<p>Cera sucha, odwodniona lub wra\u017cliwa zwykle potrzebuje zabiegu, kt\u00f3ry ogranicza uczucie \u015bci\u0105gni\u0119cia, wspiera barier\u0119 ochronn\u0105 i nie prowokuje zaczerwienienia. Najlepsze rezultaty nie zawsze daje intensywne z\u0142uszczanie. Czasem bardziej trafna jest procedura oparta na \u0142agodnym oczyszczeniu, nawil\u017ceniu i sk\u0142adnikach koj\u0105cych.<\/p>\n<p>Warto rozr\u00f3\u017cni\u0107 sucho\u015b\u0107 od odwodnienia. Sucho\u015b\u0107 wi\u0105\u017ce si\u0119 z niedoborem lipid\u00f3w, natomiast odwodnienie mo\u017ce pojawi\u0107 si\u0119 przy ka\u017cdym typie cery &#8211; tak\u017ce t\u0142ustej. Sk\u00f3ra odwodniona bywa jednocze\u015bnie b\u0142yszcz\u0105ca, napi\u0119ta i bardziej podatna na drobne linie widoczne pod makija\u017cem.<\/p>\n<p>Przy cerze reaktywnej szczeg\u00f3lnie liczy si\u0119 tempo. Zamiast planowa\u0107 kilka mocnych procedur w kr\u00f3tkim czasie, lepiej obserwowa\u0107 odpowied\u017a sk\u00f3ry po jednym zabiegu. Po wizycie mo\u017cliwe jest lekkie, przej\u015bciowe zaczerwienienie, ale pieczenie, nasilona sucho\u015b\u0107 lub d\u0142ugo utrzymuj\u0105cy si\u0119 dyskomfort to sygna\u0142, by zmieni\u0107 plan.<\/p>\n<h2>Kiedy zdecydowa\u0107 si\u0119 na z\u0142uszczanie, a kiedy na regeneracj\u0119?<\/h2>\n<p>Z\u0142uszczanie sprawdza si\u0119, gdy sk\u00f3ra ma nier\u00f3wn\u0105 faktur\u0119, widoczne zask\u00f3rniki, poszarza\u0142y koloryt lub powierzchowne przebarwienia. Regeneracja jest lepszym kierunkiem, gdy bariera ochronna jest os\u0142abiona, twarz reaguje na wod\u0119 i kosmetyki, a problemem jest napi\u0119cie oraz zaczerwienienie.<\/p>\n<p>Nie s\u0105 to jednak dwa ca\u0142kowicie oddzielne \u015bwiaty. \u0141agodne z\u0142uszczanie mo\u017ce by\u0107 elementem zabiegu nawil\u017caj\u0105cego, a sk\u00f3ra z niedoskona\u0142o\u015bciami cz\u0119sto potrzebuje r\u00f3wnolegle wsparcia bariery. R\u00f3\u017cnic\u0119 robi rodzaj sk\u0142adnik\u00f3w, ich st\u0119\u017cenie, czas dzia\u0142ania oraz stan sk\u00f3ry w dniu wizyty.<\/p>\n<p>| Kierunek zabiegu | Czas wizyty | Czego si\u0119 spodziewa\u0107 | Dla kogo | |&#8212;|&#8212;:|&#8212;|&#8212;| | Oczyszczanie i z\u0142uszczanie | Zwykle 60-90 minut | G\u0142adsza faktura, mniej zask\u00f3rnik\u00f3w, czasem kr\u00f3tkie zaczerwienienie | Dla cery z tendencj\u0105 do zapychania i nier\u00f3wno\u015bci | | Nawil\u017canie i regeneracja | Zwykle 60-75 minut | Komfort, bardziej elastyczna sk\u00f3ra, mniej napi\u0119cia | Dla sk\u00f3ry odwodnionej, suchej lub reaktywnej | | Zabieg roz\u015bwietlaj\u0105cy | Zwykle 60-90 minut | Bardziej r\u00f3wny, \u015bwie\u017cszy wygl\u0105d, zale\u017cnie od metody mo\u017cliwe z\u0142uszczanie | Dla sk\u00f3ry poszarza\u0142ej lub z nier\u00f3wnym kolorytem |<\/p>\n<h2>Ile czasu potrzebuje sk\u00f3ra przed wa\u017cnym terminem?<\/h2>\n<p>Na pierwszy, bardziej aktywny zabieg najlepiej um\u00f3wi\u0107 si\u0119 co najmniej 2-3 tygodnie przed \u015blubem, sesj\u0105 zdj\u0119ciow\u0105, wyjazdem lub innym wa\u017cnym dniem. Daje to przestrze\u0144 na obserwacj\u0119 reakcji sk\u00f3ry i ewentualn\u0105 korekt\u0119 planu.<\/p>\n<p>Delikatne procedury nawil\u017caj\u0105ce lub roz\u015bwietlaj\u0105ce cz\u0119sto mo\u017cna wykona\u0107 bli\u017cej wydarzenia, ale decyzja zale\u017cy od konkretnej metody i historii sk\u00f3ry. Je\u015bli masz sk\u0142onno\u015b\u0107 do podra\u017cnie\u0144, nie testuj nowego zabiegu na dwa dni przed wa\u017cnym spotkaniem. To nie jest moment na zmian\u0119 ca\u0142ej rutyny ani na dok\u0142adanie silnych produkt\u00f3w w domu.<\/p>\n<p>Po zabiegach z\u0142uszczaj\u0105cych zazwyczaj warto ograniczy\u0107 s\u0142o\u0144ce, saun\u0119, intensywny trening i silne sk\u0142adniki aktywne przez czas wskazany przez kosmetologa. Filtr SPF powinien by\u0107 sta\u0142ym elementem piel\u0119gnacji, a nie dodatkiem tylko na lato. Bez ochrony przeciws\u0142onecznej \u0142atwiej o podra\u017cnienie i przebarwienia, szczeg\u00f3lnie gdy sk\u00f3ra by\u0142a eksfoliowana.<\/p>\n<h2>O jakie pi\u0119\u0107 rzeczy zapyta\u0107 podczas konsultacji?<\/h2>\n<p>Dobra konsultacja jest praktyczna. Pozwala wyj\u015b\u0107 nie tylko z <a href=\"https:\/\/norm.place\/cennik\">wybranym zabiegiem<\/a>, lecz tak\u017ce z jasno\u015bci\u0105, co robi\u0107 p\u00f3\u017aniej i czego nie \u0142\u0105czy\u0107 w tym samym tygodniu.<\/p>\n<ol>\n<li><strong>Jaki problem rozwi\u0105zujemy teraz?<\/strong> Popro\u015b o wskazanie priorytetu. Mo\u017cliwe, \u017ce zask\u00f3rniki s\u0105 widoczne, ale najpierw trzeba uspokoi\u0107 odwodnion\u0105 sk\u00f3r\u0119.<\/li>\n<\/ol>\n<ol>\n<li><strong>Jakiej reakcji mog\u0119 si\u0119 spodziewa\u0107?<\/strong> Zapytaj o zaczerwienienie, \u0142uszczenie, uczucie napi\u0119cia i realny czas powrotu do codziennych aktywno\u015bci.<\/li>\n<\/ol>\n<ol>\n<li><strong>Czy moje kosmetyki domowe wspieraj\u0105 ten plan?<\/strong> Retinol, kwasy, peelingi mechaniczne i mocne serum mog\u0105 wymaga\u0107 przerwy przed lub po wizycie.<\/li>\n<\/ol>\n<ol>\n<li><strong>Czy potrzebuj\u0119 jednego zabiegu, czy serii?<\/strong> Efekt \u201ena ju\u017c\u201d i praca nad przebarwieniami albo uporczywymi zask\u00f3rnikami to dwie r\u00f3\u017cne strategie.<\/li>\n<\/ol>\n<ol>\n<li><strong>Kiedy wr\u00f3ci\u0107 na kolejn\u0105 wizyt\u0119?<\/strong> Cz\u0119stotliwo\u015b\u0107 zale\u017cy od celu. Zabiegi podtrzymuj\u0105ce cz\u0119sto planuje si\u0119 co 4-6 tygodni, natomiast intensywniejsze procedury wymagaj\u0105 d\u0142u\u017cszych odst\u0119p\u00f3w.<\/li>\n<\/ol>\n<h2>Czy pora roku zmienia wyb\u00f3r zabiegu?<\/h2>\n<p>Tak, sezon wp\u0142ywa przede wszystkim na tolerancj\u0119 sk\u00f3ry i poziom ekspozycji na promieniowanie UV. Jesieni\u0105 i zim\u0105 \u0142atwiej zaplanowa\u0107 mocniejsze z\u0142uszczanie, je\u015bli nie wi\u0105\u017ce si\u0119 to z intensywnym s\u0142o\u0144cem i wyjazdem w ciep\u0142e miejsce. Wiosn\u0105 oraz latem zwykle lepiej sprawdzaj\u0105 si\u0119 dzia\u0142ania ukierunkowane na nawil\u017cenie, ukojenie i bardzo \u015bwiadom\u0105 ochron\u0119 SPF.<\/p>\n<p>Nie oznacza to, \u017ce latem trzeba rezygnowa\u0107 z kosmetologii. Trzeba po prostu uczciwie uwzgl\u0119dni\u0107 styl \u017cycia. Codzienne rowerowe dojazdy przez Wol\u0119, weekend na dzia\u0142ce, urlop nad wod\u0105 czy bieganie w po\u0142udnie mog\u0105 zmieni\u0107 sens zabiegu, kt\u00f3ry w innym miesi\u0105cu by\u0142by dobrym wyborem.<\/p>\n<p>W Norm konsultacja przed zabiegiem ma s\u0142u\u017cy\u0107 w\u0142a\u015bnie temu: prze\u0142o\u017ceniu potrzeb sk\u00f3ry na plan, kt\u00f3ry pasuje do Twojego kalendarza i piel\u0119gnacji, a nie odwrotnie. Najlepszy wyb\u00f3r cz\u0119sto nie jest najbardziej intensywny. To ten, po kt\u00f3rym sk\u00f3ra wygl\u0105da spokojniej, a Ty wiesz dok\u0142adnie, jak utrzyma\u0107 ten efekt nast\u0119pnego dnia.<\/p>\n","protected":false},"excerpt":{"rendered":"<p>Jak dobra\u0107 zabieg kosmetologiczny do cery, rytmu \u017cycia i sezonu? Sprawd\u017a, o co zapyta\u0107 na konsultacji i jak planowa\u0107 piel\u0119gnacj\u0119 bez zb\u0119dnego ryzyka.<\/p>\n","protected":false},"author":0,"featured_media":328,"comment_status":"open","ping_status":"open","sticky":false,"template":"","format":"standard","meta":{"footnotes":""},"categories":[1],"tags":[],"class_list":["post-327","post","type-post","status-publish","format-standard","has-post-thumbnail","hentry","category-uncategorized"],"_links":{"self":[{"href":"https:\/\/norm.place\/blog\/wp-json\/wp\/v2\/posts\/327","targetHints":{"allow":["GET"]}}],"collection":[{"href":"https:\/\/norm.place\/blog\/wp-json\/wp\/v2\/posts"}],"about":[{"href":"https:\/\/norm.place\/blog\/wp-json\/wp\/v2\/types\/post"}],"replies":[{"embeddable":true,"href":"https:\/\/norm.place\/blog\/wp-json\/wp\/v2\/comments?post=327"}],"version-history":[{"count":0,"href":"https:\/\/norm.place\/blog\/wp-json\/wp\/v2\/posts\/327\/revisions"}],"wp:featuredmedia":[{"embeddable":true,"href":"https:\/\/norm.place\/blog\/wp-json\/wp\/v2\/media\/328"}],"wp:attachment":[{"href":"https:\/\/norm.place\/blog\/wp-json\/wp\/v2\/media?parent=327"}],"wp:term":[{"taxonomy":"category","embeddable":true,"href":"https:\/\/norm.place\/blog\/wp-json\/wp\/v2\/categories?post=327"},{"taxonomy":"post_tag","embeddable":true,"href":"https:\/\/norm.place\/blog\/wp-json\/wp\/v2\/tags?post=327"}],"curies":[{"name":"wp","href":"https:\/\/api.w.org\/{rel}","templated":true}]}}